{"id":189,"date":"2019-06-04T17:43:16","date_gmt":"2019-06-04T13:43:16","guid":{"rendered":"https:\/\/seychellesembassy.orderofmalta.int\/?post_type=news&#038;p=189"},"modified":"2025-06-19T20:16:28","modified_gmt":"2025-06-19T16:16:28","slug":"lettres-de-creance-ambassadeur-ordre-de-malte-aux-seychelles","status":"publish","type":"news","link":"https:\/\/seychellesembassy.orderofmalta.int\/fr\/actualites\/lettres-de-creance-ambassadeur-ordre-de-malte-aux-seychelles\/","title":{"rendered":"Lettres de cr\u00e9ance de l&rsquo;Ambassadeur de l&rsquo;Ordre de Malte aux Seychelles"},"featured_media":0,"menu_order":0,"template":"","class_list":["post-189","news","type-news","status-publish","hentry"],"acf":{"hidden_news":"no","evidence":"yes","focus_on":"yes","breaking":"yes","news_cover":{"id":172,"url":"https:\/\/seychellesembassy.orderofmalta.int\/wp-content\/uploads\/sites\/93\/2025\/06\/original-pictures-accreditation-3.jpg"},"news_content":"<p>Le pr\u00e9sident de la R\u00e9publique des Seychelles, Danny Faure, a re\u00e7u les lettres de cr\u00e9ance du nouvel ambassadeur de l\u2019Ordre souverain de Malte aupr\u00e8s de la R\u00e9publique des Seychelles Francesca Alessandra Azais, au si\u00e8ge du Palais pr\u00e9sidentiel \u00e0 Victoria.<\/p>\n<p>Les Seychelles et l\u2019Ordre souverain de Malte ont \u00e9tabli des relations diplomatiques en juin 1994. Le Pr\u00e9sidente a f\u00e9licit\u00e9 l\u2019Ambassadeur Azais pour son travail bien m\u00e9rit\u00e9 et a exprim\u00e9 son souhait de renforcer la coop\u00e9ration entre l\u2019Ordre de Malte et les Seychelles.<\/p>\n","news_gallery":"yes","news_gallery_elements":[{"id":174,"url":"https:\/\/seychellesembassy.orderofmalta.int\/wp-content\/uploads\/sites\/93\/2025\/06\/original-pictures-accreditation-11.jpg"},{"id":176,"url":"https:\/\/seychellesembassy.orderofmalta.int\/wp-content\/uploads\/sites\/93\/2025\/06\/original-pictures-accreditation-14.jpg"},{"id":178,"url":"https:\/\/seychellesembassy.orderofmalta.int\/wp-content\/uploads\/sites\/93\/2025\/06\/original-pictures-accreditation-16.jpg"}],"news_excerpt":"Le pr\u00e9sident de la R\u00e9publique des Seychelles, Danny Faure, a re\u00e7u les lettres de cr\u00e9ance du nouvel ambassadeur de l\u2019Ordre souverain de Malte aupr\u00e8s de la R\u00e9publique des Seychelles Francesca Alessandra Azais, au si\u00e8ge du Palais pr\u00e9sidentiel \u00e0 Victoria."},"news_categories":[],"_links":{"self":[{"href":"https:\/\/seychellesembassy.orderofmalta.int\/fr\/wp-json\/wp\/v2\/notizie\/189","targetHints":{"allow":["GET"]}}],"collection":[{"href":"https:\/\/seychellesembassy.orderofmalta.int\/fr\/wp-json\/wp\/v2\/notizie"}],"about":[{"href":"https:\/\/seychellesembassy.orderofmalta.int\/fr\/wp-json\/wp\/v2\/types\/news"}],"version-history":[{"count":0,"href":"https:\/\/seychellesembassy.orderofmalta.int\/fr\/wp-json\/wp\/v2\/notizie\/189\/revisions"}],"wp:attachment":[{"href":"https:\/\/seychellesembassy.orderofmalta.int\/fr\/wp-json\/wp\/v2\/media?parent=189"}],"curies":[{"name":"wp","href":"https:\/\/api.w.org\/{rel}","templated":true}]}}