{"id":211,"date":"2024-04-11T19:48:53","date_gmt":"2024-04-11T15:48:53","guid":{"rendered":"https:\/\/seychellesembassy.orderofmalta.int\/?post_type=news&#038;p=211"},"modified":"2025-06-19T19:51:44","modified_gmt":"2025-06-19T15:51:44","slug":"ordre-de-malte-fait-don-pour-ferme-de-espoir-seychelles","status":"publish","type":"news","link":"https:\/\/seychellesembassy.orderofmalta.int\/fr\/actualites\/ordre-de-malte-fait-don-pour-ferme-de-espoir-seychelles\/","title":{"rendered":"L\u2019Ordre de Malte fait un don de 35 000\u202f\u20ac pour la Ferme de l\u2019Espoir aux Seychelles"},"featured_media":0,"menu_order":0,"template":"","class_list":["post-211","news","type-news","status-publish","hentry"],"acf":{"hidden_news":"no","evidence":"yes","focus_on":"no","breaking":"yes","news_cover":{"id":207,"url":"https:\/\/seychellesembassy.orderofmalta.int\/wp-content\/uploads\/sites\/93\/2025\/06\/IMG_8772-scaled.jpg"},"news_content":"<p>Le 11 avril 2024, une c\u00e9r\u00e9monie symbolique s\u2019est tenue dans les locaux du s\u00e9minaire dioc\u00e9sain appel\u00e9 \u00ab\u202fLa Domus\u202f\u00bb, pour remettre une donation destin\u00e9e au projet \u00ab\u202fLa Ferme de l\u2019Espoir\u202f\u00bb. L\u2019Ordre Souverain Militaire de Malte a fait un don de 35\u202f000\u202f\u20ac, remis officiellement par l\u2019Ambassadrice Francesca Alessandra Azais \u00e0 Monseigneur Alain Harel, \u00e9v\u00eaque de Port Victoria, b\u00e9n\u00e9ficiaire du projet.<\/p>\n<p>Madame la Premi\u00e8re Dame, Linda Ramkalawan, \u00e9tait pr\u00e9sente \u00e0 la c\u00e9r\u00e9monie, accompagn\u00e9e de personnalit\u00e9s de haut niveau\u202f:<br \/>\n\u2022 Monseigneur Alain Harel, \u00e9v\u00eaque de Victoria et destinataire de la donation<br \/>\n\u2022 Patricia Francourt, ministre de l\u2019Emploi et des Affaires Sociales<br \/>\n\u2022 Linda William Melanie, Secr\u00e9taire Permanent du m\u00eame minist\u00e8re<br \/>\n\u2022 Une d\u00e9l\u00e9gation du Minist\u00e8re de la Sant\u00e9, compos\u00e9e de Dr Susan Fock Tave, Marie Josette Louis et Mrs Bibi<br \/>\n\u2022 Nathalie Didon, du Minist\u00e8re de la Jeunesse, des Sports et de la Famille<\/p>\n<p>Etaient \u00e9galement pr\u00e9sents de nombreux membres du comit\u00e9 responsable du projet \u00ab\u202fLa Ferme de l\u2019Espoir\u202f\u00bb, ainsi que des repr\u00e9sentants de la Dioc\u00e8se. Apr\u00e8s les discours et la remise symbolique du don, un rafra\u00eechissement a \u00e9t\u00e9 offert aux participants.<\/p>\n<p>Lanc\u00e9 en f\u00e9vrier 2024, le projet \u00ab\u202fLa Ferme de l\u2019Espoir\u202f\u00bb vise \u00e0 offrir une formation agricole et un soutien aux jeunes vuln\u00e9rables, en vue de faciliter leur r\u00e9insertion sociale et leur autonomie \u00e9conomique.<\/p>\n<p>La pr\u00e9sence de la Premi\u00e8re Dame et de repr\u00e9sentants \u00e9minents du gouvernement et de l\u2019\u00c9glise souligne l\u2019importance de cette initiative dans le d\u00e9veloppement communautaire et l\u2019\u00e9mancipation des jeunes.<\/p>\n","news_gallery":"yes","news_gallery_elements":[{"id":205,"url":"https:\/\/seychellesembassy.orderofmalta.int\/wp-content\/uploads\/sites\/93\/2025\/06\/IMG_8771-scaled.jpg"},{"id":209,"url":"https:\/\/seychellesembassy.orderofmalta.int\/wp-content\/uploads\/sites\/93\/2025\/06\/IMG_8784-scaled.jpg"}],"news_excerpt":"Le 11 avril 2024, une c\u00e9r\u00e9monie symbolique s\u2019est tenue dans les locaux du s\u00e9minaire dioc\u00e9sain appel\u00e9 \u00ab\u202fLa Domus\u202f\u00bb, pour remettre une donation destin\u00e9e au projet \u00ab\u202fLa Ferme de l\u2019Espoir\u202f\u00bb."},"news_categories":[],"_links":{"self":[{"href":"https:\/\/seychellesembassy.orderofmalta.int\/fr\/wp-json\/wp\/v2\/notizie\/211","targetHints":{"allow":["GET"]}}],"collection":[{"href":"https:\/\/seychellesembassy.orderofmalta.int\/fr\/wp-json\/wp\/v2\/notizie"}],"about":[{"href":"https:\/\/seychellesembassy.orderofmalta.int\/fr\/wp-json\/wp\/v2\/types\/news"}],"version-history":[{"count":0,"href":"https:\/\/seychellesembassy.orderofmalta.int\/fr\/wp-json\/wp\/v2\/notizie\/211\/revisions"}],"wp:attachment":[{"href":"https:\/\/seychellesembassy.orderofmalta.int\/fr\/wp-json\/wp\/v2\/media?parent=211"}],"curies":[{"name":"wp","href":"https:\/\/api.w.org\/{rel}","templated":true}]}}