{"id":218,"date":"2023-02-22T20:02:29","date_gmt":"2023-02-22T16:02:29","guid":{"rendered":"https:\/\/seychellesembassy.orderofmalta.int\/?post_type=news&#038;p=218"},"modified":"2025-06-19T20:06:29","modified_gmt":"2025-06-19T16:06:29","slug":"ambassadrice-ordre-de-malte-participe-ambassadors-talk-universite-des-seychelles","status":"publish","type":"news","link":"https:\/\/seychellesembassy.orderofmalta.int\/fr\/actualites\/ambassadrice-ordre-de-malte-participe-ambassadors-talk-universite-des-seychelles\/","title":{"rendered":"L\u2019Ambassadrice de l\u2019Ordre de Malte participe \u00e0 \u00ab\u202fAmbassadors Talk\u202f\u00bb \u00e0 l\u2019Universit\u00e9 des Seychelles"},"featured_media":0,"menu_order":0,"template":"","class_list":["post-218","news","type-news","status-publish","hentry"],"acf":{"hidden_news":"no","evidence":"yes","focus_on":"no","breaking":"yes","news_cover":{"id":216,"url":"https:\/\/seychellesembassy.orderofmalta.int\/wp-content\/uploads\/sites\/93\/2025\/06\/OLJU0893.jpg"},"news_content":"<p>L\u2019Ambassadrice de l\u2019Ordre Souverain de Malte aupr\u00e8s de la R\u00e9publique des Seychelles, Francesca Alessandra Azais, a pris part \u00e0 un \u00e9v\u00e9nement organis\u00e9 dans l\u2019auditorium principal de l\u2019Universit\u00e9 des Seychelles, intitul\u00e9 \u00ab\u202fAmbassadors Talk\u202f\u00bb. L\u2019initiative vise \u00e0 faire conna\u00eetre aux \u00e9tudiants et aux enseignants les Chefs de Mission diplomatique r\u00e9sidant aux Seychelles.<\/p>\n<p>Le programme comprenait une br\u00e8ve pr\u00e9sentation de chaque repr\u00e9sentant diplomatique, suivie d\u2019un \u00e9change avec le public. Parmi les d\u00e9l\u00e9gations pr\u00e9sentes figuraient les Ambassadeurs, Hauts Commissaires et Charg\u00e9s d\u2019Affaires de :<\/p>\n<ul>\n<li>Ordre de Malte<\/li>\n<li>Russie<\/li>\n<li>Sri Lanka<\/li>\n<li>Cuba<\/li>\n<li>Inde<\/li>\n<li>Libye<\/li>\n<li>Chine<\/li>\n<\/ul>\n<p>Parmi les autorit\u00e9s pr\u00e9sentes, on notait la participation du Vice-Recteur de l\u2019Universit\u00e9, du Secr\u00e9taire Principal du Minist\u00e8re de l\u2019\u00c9ducation, ainsi que, pour le Minist\u00e8re des Affaires \u00c9trang\u00e8res, l\u2019Ambassadrice Vivianne Fock Tave Moumou.<\/p>\n<p>Dans son intervention, l\u2019Ambassadrice Azais a pr\u00e9sent\u00e9 les efforts humanitaires et m\u00e9dicaux de l\u2019Ordre de Malte en Ukraine, en Turquie et en Syrie. Elle a \u00e9galement projet\u00e9 des images de pi\u00e8ces de monnaie et de timbres-poste \u00e9mis par la Poste Magistrale de l\u2019Ordre, repr\u00e9sentant les armoiries des Seychelles ainsi que la fa\u00e7ade de l\u2019H\u00f4pital des Seychelles, soulignant ainsi les liens culturels et symboliques entre l\u2019Ordre et le pays.<\/p>\n","news_gallery":"no","news_excerpt":"L\u2019Ambassadrice de l\u2019Ordre de Malte aupr\u00e8s de la R\u00e9publique des Seychelles, Francesca Alessandra Azais, a pris part \u00e0 un \u00e9v\u00e9nement organis\u00e9 dans l\u2019Universit\u00e9 des Seychelles, intitul\u00e9 \u00ab\u202fAmbassadors Talk\u202f\u00bb."},"news_categories":[],"_links":{"self":[{"href":"https:\/\/seychellesembassy.orderofmalta.int\/fr\/wp-json\/wp\/v2\/notizie\/218","targetHints":{"allow":["GET"]}}],"collection":[{"href":"https:\/\/seychellesembassy.orderofmalta.int\/fr\/wp-json\/wp\/v2\/notizie"}],"about":[{"href":"https:\/\/seychellesembassy.orderofmalta.int\/fr\/wp-json\/wp\/v2\/types\/news"}],"version-history":[{"count":0,"href":"https:\/\/seychellesembassy.orderofmalta.int\/fr\/wp-json\/wp\/v2\/notizie\/218\/revisions"}],"wp:attachment":[{"href":"https:\/\/seychellesembassy.orderofmalta.int\/fr\/wp-json\/wp\/v2\/media?parent=218"}],"curies":[{"name":"wp","href":"https:\/\/api.w.org\/{rel}","templated":true}]}}