{"id":220,"date":"2010-10-25T20:12:13","date_gmt":"2010-10-25T16:12:13","guid":{"rendered":"https:\/\/seychellesembassy.orderofmalta.int\/?post_type=news&#038;p=220"},"modified":"2025-06-19T20:13:55","modified_gmt":"2025-06-19T16:13:55","slug":"grand-maitre-ordre-de-malte-recoit-president-seychelles","status":"publish","type":"news","link":"https:\/\/seychellesembassy.orderofmalta.int\/fr\/actualites\/grand-maitre-ordre-de-malte-recoit-president-seychelles\/","title":{"rendered":"Le Grand Ma\u00eetre de l\u2019Ordre de Malte re\u00e7oit le Pr\u00e9sident des Seychelles"},"featured_media":0,"menu_order":0,"template":"","class_list":["post-220","news","type-news","status-publish","hentry"],"acf":{"hidden_news":"no","evidence":"yes","focus_on":"no","breaking":"yes","news_cover":{"id":186,"url":"https:\/\/seychellesembassy.orderofmalta.int\/wp-content\/uploads\/sites\/93\/2025\/06\/SMOM_GM_P_00751_0745.jpg"},"news_content":"<p>Le Grand Ma\u00eetre de l\u2019Ordre de Malte, Fra\u2019 Matthew Festing, a re\u00e7u le Pr\u00e9sident des Seychelles, James Michel, \u00e0 la Villa Magistrale.<\/p>\n<p>Le Grand Ma\u00eetre a rappel\u00e9 que les relations entre les Seychelles et l\u2019Ordre de Malte s\u2019\u00e9taient intensifi\u00e9es gr\u00e2ce \u00e0 la signature, en 1995, d\u2019un accord de coop\u00e9ration dans le secteur de la sant\u00e9, d\u2019int\u00e9r\u00eat mutuel.<\/p>\n<p>Dans son discours, Fra\u2019 Matthew Festing a d\u00e9crit les Seychelles comme un exemple de la mani\u00e8re dont un pays en d\u00e9veloppement peut r\u00e9ussir \u00e0 offrir un bon syst\u00e8me de sant\u00e9 \u00e0 sa population.<\/p>\n<p>Le Grand Ma\u00eetre et le Pr\u00e9sident ont discut\u00e9 de projets de coop\u00e9ration dans le domaine de la sant\u00e9, ainsi que du travail humanitaire de l\u2019Ordre de Malte dans certaines zones de crise \u00e0 travers le monde.<\/p>\n<p>Le Pr\u00e9sident Michel a salu\u00e9 l\u2019action de l\u2019Ordre de Malte aux Seychelles et dans le reste du monde.<\/p>\n","news_gallery":"no","news_excerpt":"Le Grand Ma\u00eetre de l\u2019Ordre de Malte, Fra\u2019 Matthew Festing, a re\u00e7u le Pr\u00e9sident des Seychelles, James Michel, \u00e0 la Villa Magistrale."},"news_categories":[],"_links":{"self":[{"href":"https:\/\/seychellesembassy.orderofmalta.int\/fr\/wp-json\/wp\/v2\/notizie\/220","targetHints":{"allow":["GET"]}}],"collection":[{"href":"https:\/\/seychellesembassy.orderofmalta.int\/fr\/wp-json\/wp\/v2\/notizie"}],"about":[{"href":"https:\/\/seychellesembassy.orderofmalta.int\/fr\/wp-json\/wp\/v2\/types\/news"}],"version-history":[{"count":0,"href":"https:\/\/seychellesembassy.orderofmalta.int\/fr\/wp-json\/wp\/v2\/notizie\/220\/revisions"}],"wp:attachment":[{"href":"https:\/\/seychellesembassy.orderofmalta.int\/fr\/wp-json\/wp\/v2\/media?parent=220"}],"curies":[{"name":"wp","href":"https:\/\/api.w.org\/{rel}","templated":true}]}}